{"id":972,"date":"2024-11-29T10:48:37","date_gmt":"2024-11-29T09:48:37","guid":{"rendered":"https:\/\/hans-multscher-ulm.de\/?p=972"},"modified":"2025-02-01T10:51:15","modified_gmt":"2025-02-01T09:51:15","slug":"so-ein-schoener-baum","status":"publish","type":"post","link":"https:\/\/hans-multscher-ulm.de\/index.php\/2024\/11\/29\/so-ein-schoener-baum\/","title":{"rendered":"So ein sch\u00f6ner Baum!"},"content":{"rendered":"\n<p>An diesem Freitag fand &#8211; au\u00dferhalb des schulischen Rahmens &#8211; das Christbaumloben an der Ladenzeile am Eselsberg statt. Neben Gl\u00fchwein, Punsch und Waffeln zauberte unser Schulchor HaMusikus mit unserer Chorleiterin Frau Gerlach allen Anwesenden ein weihnachtlich and\u00e4chtiges und besinnliches L\u00e4cheln auf die Lippen. Neben kleinen Pl\u00e4tzchenb\u00e4ckern, die alle Pl\u00e4tzchen aufgegessen haben sangen unsere Kinder ein Hoch auf den Nikolaus und w\u00fcnschten sich den ersten sch\u00f6nen Schnee. Wir sind stolz auf unsere musikalischen kleinen Talente und freuen uns, jedes Jahr wieder dabei sein zu d\u00fcrfen!<\/p>\n\n\n\n<figure class=\"wp-block-image size-large\"><img loading=\"lazy\" decoding=\"async\" width=\"1024\" height=\"768\" src=\"https:\/\/hans-multscher-ulm.de\/wp-content\/uploads\/2025\/02\/20241129_165252-1024x768.jpg\" alt=\"\" class=\"wp-image-973\" srcset=\"https:\/\/hans-multscher-ulm.de\/wp-content\/uploads\/2025\/02\/20241129_165252-1024x768.jpg 1024w, https:\/\/hans-multscher-ulm.de\/wp-content\/uploads\/2025\/02\/20241129_165252-300x225.jpg 300w, https:\/\/hans-multscher-ulm.de\/wp-content\/uploads\/2025\/02\/20241129_165252-768x576.jpg 768w, https:\/\/hans-multscher-ulm.de\/wp-content\/uploads\/2025\/02\/20241129_165252-1536x1152.jpg 1536w, https:\/\/hans-multscher-ulm.de\/wp-content\/uploads\/2025\/02\/20241129_165252-2048x1536.jpg 2048w\" sizes=\"auto, (max-width: 1024px) 100vw, 1024px\" \/><\/figure>\n\n\n\n<p><\/p>\n\n\n\n<p>Auch hier findest du noch mehr von diesem sch\u00f6nen Auftritt des Schulchors unserer Schule.<\/p>\n\n\n\n<figure class=\"wp-block-embed is-type-wp-embed is-provider-vfb-ulm wp-block-embed-vfb-ulm\"><div class=\"wp-block-embed__wrapper\">\n<blockquote class=\"wp-embedded-content\" data-secret=\"7MATCvU9f8\"><a href=\"https:\/\/www.vfb-ulm.de\/allgemein\/so-ein-schoener-baum\/\">&#8222;So ein sch\u00f6ner Baum!&#8220;<\/a><\/blockquote><iframe loading=\"lazy\" class=\"wp-embedded-content\" sandbox=\"allow-scripts\" security=\"restricted\" style=\"position: absolute; visibility: hidden;\" title=\"&#8222;&#8222;So ein sch\u00f6ner Baum!&#8220;&#8220; &#8212; VfB Ulm\" src=\"https:\/\/www.vfb-ulm.de\/allgemein\/so-ein-schoener-baum\/embed\/#?secret=8lpM1TMitE#?secret=7MATCvU9f8\" data-secret=\"7MATCvU9f8\" width=\"500\" height=\"282\" frameborder=\"0\" marginwidth=\"0\" marginheight=\"0\" scrolling=\"no\"><\/iframe>\n<\/div><\/figure>\n\n\n\n<p><\/p>\n\n\n\n<figure class=\"wp-block-image size-large\"><img loading=\"lazy\" decoding=\"async\" width=\"1024\" height=\"768\" src=\"https:\/\/hans-multscher-ulm.de\/wp-content\/uploads\/2025\/02\/20241129_171609-1024x768.jpg\" alt=\"\" class=\"wp-image-974\" srcset=\"https:\/\/hans-multscher-ulm.de\/wp-content\/uploads\/2025\/02\/20241129_171609-1024x768.jpg 1024w, https:\/\/hans-multscher-ulm.de\/wp-content\/uploads\/2025\/02\/20241129_171609-300x225.jpg 300w, https:\/\/hans-multscher-ulm.de\/wp-content\/uploads\/2025\/02\/20241129_171609-768x576.jpg 768w, https:\/\/hans-multscher-ulm.de\/wp-content\/uploads\/2025\/02\/20241129_171609-1536x1152.jpg 1536w, https:\/\/hans-multscher-ulm.de\/wp-content\/uploads\/2025\/02\/20241129_171609-2048x1536.jpg 2048w\" sizes=\"auto, (max-width: 1024px) 100vw, 1024px\" \/><\/figure>\n","protected":false},"excerpt":{"rendered":"<p>An diesem Freitag fand &#8211; au\u00dferhalb des schulischen Rahmens &#8211; das Christbaumloben an der Ladenzeile am Eselsberg statt. Neben Gl\u00fchwein, Punsch und Waffeln zauberte unser Schulchor HaMusikus mit unserer Chorleiterin Frau Gerlach allen Anwesenden&#46;&#46;&#46;<\/p>\n","protected":false},"author":1,"featured_media":975,"comment_status":"open","ping_status":"closed","sticky":false,"template":"","format":"standard","meta":{"footnotes":""},"categories":[10],"tags":[],"class_list":["post-972","post","type-post","status-publish","format-standard","has-post-thumbnail","hentry","category-neuigkeiten"],"_links":{"self":[{"href":"https:\/\/hans-multscher-ulm.de\/index.php\/wp-json\/wp\/v2\/posts\/972","targetHints":{"allow":["GET"]}}],"collection":[{"href":"https:\/\/hans-multscher-ulm.de\/index.php\/wp-json\/wp\/v2\/posts"}],"about":[{"href":"https:\/\/hans-multscher-ulm.de\/index.php\/wp-json\/wp\/v2\/types\/post"}],"author":[{"embeddable":true,"href":"https:\/\/hans-multscher-ulm.de\/index.php\/wp-json\/wp\/v2\/users\/1"}],"replies":[{"embeddable":true,"href":"https:\/\/hans-multscher-ulm.de\/index.php\/wp-json\/wp\/v2\/comments?post=972"}],"version-history":[{"count":1,"href":"https:\/\/hans-multscher-ulm.de\/index.php\/wp-json\/wp\/v2\/posts\/972\/revisions"}],"predecessor-version":[{"id":976,"href":"https:\/\/hans-multscher-ulm.de\/index.php\/wp-json\/wp\/v2\/posts\/972\/revisions\/976"}],"wp:featuredmedia":[{"embeddable":true,"href":"https:\/\/hans-multscher-ulm.de\/index.php\/wp-json\/wp\/v2\/media\/975"}],"wp:attachment":[{"href":"https:\/\/hans-multscher-ulm.de\/index.php\/wp-json\/wp\/v2\/media?parent=972"}],"wp:term":[{"taxonomy":"category","embeddable":true,"href":"https:\/\/hans-multscher-ulm.de\/index.php\/wp-json\/wp\/v2\/categories?post=972"},{"taxonomy":"post_tag","embeddable":true,"href":"https:\/\/hans-multscher-ulm.de\/index.php\/wp-json\/wp\/v2\/tags?post=972"}],"curies":[{"name":"wp","href":"https:\/\/api.w.org\/{rel}","templated":true}]}}