{"id":967,"date":"2024-12-16T16:12:45","date_gmt":"2024-12-16T15:12:45","guid":{"rendered":"https:\/\/hans-multscher-ulm.de\/?p=967"},"modified":"2025-01-31T16:18:18","modified_gmt":"2025-01-31T15:18:18","slug":"advent-advent","status":"publish","type":"post","link":"https:\/\/hans-multscher-ulm.de\/index.php\/2024\/12\/16\/advent-advent\/","title":{"rendered":"Advent, Advent\u2026"},"content":{"rendered":"\n<p>Es weihnachtet sehr in unserer Schule. Durch den Adventsbastelvormittag nimmt unser Schulhaus eine weihnachtliche Atmosph\u00e4re an &#8211; alles ist festlich dekoriert und zaubert eine damit eine ganz besondere Stimmung im Haus.<\/p>\n\n\n\n<p>Aber auch an jedem einzelnen Adventsmontag starten wir gemeinsam die neue Adventswoche mit gemeinsamen Liedern und Musik. Daf\u00fcr haben sich unterschiedliche Gruppen und Klassen mit ihren Musiklehrern in die Vorbereitungen gest\u00fcrzt und Lieder und musikalische Beitr\u00e4ge einzustudieren.<\/p>\n\n\n\n<p>Ob der Schnee nun endlich kommen m\u00f6chte oder alle Weihnachtspl\u00e4tzchen gebacken sind, bleibt abzuwarten. Die Kinder hatten auf jeden Fall viel Spa\u00df beim gemeinsamen Singen unter dem Weihnachtsbaum!<\/p>\n\n\n\n<p><\/p>\n\n\n\n<figure class=\"wp-block-image size-large\"><img loading=\"lazy\" decoding=\"async\" width=\"2560\" height=\"1920\" src=\"https:\/\/hans-multscher-ulm.de\/wp-content\/uploads\/2025\/01\/20241216_083352-edited-scaled.jpg\" alt=\"\" class=\"wp-image-970\" srcset=\"https:\/\/hans-multscher-ulm.de\/wp-content\/uploads\/2025\/01\/20241216_083352-edited-scaled.jpg 2560w, https:\/\/hans-multscher-ulm.de\/wp-content\/uploads\/2025\/01\/20241216_083352-edited-300x225.jpg 300w, https:\/\/hans-multscher-ulm.de\/wp-content\/uploads\/2025\/01\/20241216_083352-edited-1024x768.jpg 1024w, https:\/\/hans-multscher-ulm.de\/wp-content\/uploads\/2025\/01\/20241216_083352-edited-768x576.jpg 768w, https:\/\/hans-multscher-ulm.de\/wp-content\/uploads\/2025\/01\/20241216_083352-edited-1536x1152.jpg 1536w, https:\/\/hans-multscher-ulm.de\/wp-content\/uploads\/2025\/01\/20241216_083352-edited-2048x1536.jpg 2048w\" sizes=\"auto, (max-width: 2560px) 100vw, 2560px\" \/><\/figure>\n","protected":false},"excerpt":{"rendered":"<p>Es weihnachtet sehr in unserer Schule. Durch den Adventsbastelvormittag nimmt unser Schulhaus eine weihnachtliche Atmosph\u00e4re an &#8211; alles ist festlich dekoriert und zaubert eine damit eine ganz besondere Stimmung im Haus. Aber auch an&#46;&#46;&#46;<\/p>\n","protected":false},"author":1,"featured_media":969,"comment_status":"open","ping_status":"closed","sticky":false,"template":"","format":"standard","meta":{"footnotes":""},"categories":[10],"tags":[],"class_list":["post-967","post","type-post","status-publish","format-standard","has-post-thumbnail","hentry","category-neuigkeiten"],"_links":{"self":[{"href":"https:\/\/hans-multscher-ulm.de\/index.php\/wp-json\/wp\/v2\/posts\/967","targetHints":{"allow":["GET"]}}],"collection":[{"href":"https:\/\/hans-multscher-ulm.de\/index.php\/wp-json\/wp\/v2\/posts"}],"about":[{"href":"https:\/\/hans-multscher-ulm.de\/index.php\/wp-json\/wp\/v2\/types\/post"}],"author":[{"embeddable":true,"href":"https:\/\/hans-multscher-ulm.de\/index.php\/wp-json\/wp\/v2\/users\/1"}],"replies":[{"embeddable":true,"href":"https:\/\/hans-multscher-ulm.de\/index.php\/wp-json\/wp\/v2\/comments?post=967"}],"version-history":[{"count":1,"href":"https:\/\/hans-multscher-ulm.de\/index.php\/wp-json\/wp\/v2\/posts\/967\/revisions"}],"predecessor-version":[{"id":971,"href":"https:\/\/hans-multscher-ulm.de\/index.php\/wp-json\/wp\/v2\/posts\/967\/revisions\/971"}],"wp:featuredmedia":[{"embeddable":true,"href":"https:\/\/hans-multscher-ulm.de\/index.php\/wp-json\/wp\/v2\/media\/969"}],"wp:attachment":[{"href":"https:\/\/hans-multscher-ulm.de\/index.php\/wp-json\/wp\/v2\/media?parent=967"}],"wp:term":[{"taxonomy":"category","embeddable":true,"href":"https:\/\/hans-multscher-ulm.de\/index.php\/wp-json\/wp\/v2\/categories?post=967"},{"taxonomy":"post_tag","embeddable":true,"href":"https:\/\/hans-multscher-ulm.de\/index.php\/wp-json\/wp\/v2\/tags?post=967"}],"curies":[{"name":"wp","href":"https:\/\/api.w.org\/{rel}","templated":true}]}}