{"id":92,"date":"2022-11-23T14:26:07","date_gmt":"2022-11-23T14:26:07","guid":{"rendered":"https:\/\/relaunch.hms.ulm.schule\/?p=92"},"modified":"2023-02-23T17:39:40","modified_gmt":"2023-02-23T17:39:40","slug":"wechselnde-themen-setzen-schwerpunkte-fuer-die-kuenstlerische-arbeit","status":"publish","type":"post","link":"https:\/\/hans-multscher-ulm.de\/index.php\/2022\/11\/23\/wechselnde-themen-setzen-schwerpunkte-fuer-die-kuenstlerische-arbeit\/","title":{"rendered":"Ausstellung &#8222;ECHT KLASSE&#8220; des Kinderschutzbundes Ulm\/Neu-Ulm"},"content":{"rendered":"\n<figure class=\"wp-block-image size-large is-resized\"><img loading=\"lazy\" decoding=\"async\" src=\"https:\/\/hans-multscher-ulm.de\/wp-content\/uploads\/2023\/02\/Kinderschutzbund-Ulm-Neu-Ulm1-1024x384.webp\" alt=\"\" class=\"wp-image-179\" width=\"960\" height=\"360\" srcset=\"https:\/\/hans-multscher-ulm.de\/wp-content\/uploads\/2023\/02\/Kinderschutzbund-Ulm-Neu-Ulm1-1024x384.webp 1024w, https:\/\/hans-multscher-ulm.de\/wp-content\/uploads\/2023\/02\/Kinderschutzbund-Ulm-Neu-Ulm1-300x113.webp 300w, https:\/\/hans-multscher-ulm.de\/wp-content\/uploads\/2023\/02\/Kinderschutzbund-Ulm-Neu-Ulm1-768x288.webp 768w, https:\/\/hans-multscher-ulm.de\/wp-content\/uploads\/2023\/02\/Kinderschutzbund-Ulm-Neu-Ulm1-1536x576.webp 1536w, https:\/\/hans-multscher-ulm.de\/wp-content\/uploads\/2023\/02\/Kinderschutzbund-Ulm-Neu-Ulm1.webp 2000w\" sizes=\"auto, (max-width: 960px) 100vw, 960px\" \/><figcaption class=\"wp-element-caption\">\u00a9 Foto: Radio7<\/figcaption><\/figure>\n\n\n\n<p>Oft ein Tabu-Thema, aber wir gehen es mit unseren Sch\u00fclerinnen und Sch\u00fclern gemeinsam an: Ausgehend von dem Start des Kinderschutz-Zentrums Ulm\/Neu-Ulm konnten wir eine Ausstellung bei uns in der Schule anbieten, die von allen Kindern besucht wurde. Themenschwerpunkte, die kindgerecht vorgestellt wurden, wie beispielsweise das &#8222;Nein&#8220;-Sagen, der eigene K\u00f6rper und die damit verbundenen Grenzen f\u00fcr andere sowie die Aspekte gute und schlechte Ber\u00fchrungen, haben in diesem Rahmen f\u00fcr Nachdenken und interessierte Fragen gesorgt. <\/p>\n\n\n\n<p>Mehr zu dem Thema &#8222;Schutz vor sexueller Gewalt&#8220; und der Ausstellung findest du unter folgendem Link:<\/p>\n\n\n\n<p><a href=\"https:\/\/www.radio7.de\/ausstellung-echt-klasse-des-kinderschutzbunde-ulm-neu-ulm\">https:\/\/www.radio7.de\/ausstellung-echt-klasse-des-kinderschutzbunde-ulm-neu-ulm<\/a><\/p>\n","protected":false},"excerpt":{"rendered":"<p>Schutz vor sexueller Gewalt &#8211; kindgerecht erkl\u00e4rt!<\/p>\n","protected":false},"author":1,"featured_media":179,"comment_status":"open","ping_status":"closed","sticky":false,"template":"","format":"standard","meta":{"footnotes":""},"categories":[10],"tags":[],"class_list":["post-92","post","type-post","status-publish","format-standard","has-post-thumbnail","hentry","category-neuigkeiten"],"_links":{"self":[{"href":"https:\/\/hans-multscher-ulm.de\/index.php\/wp-json\/wp\/v2\/posts\/92","targetHints":{"allow":["GET"]}}],"collection":[{"href":"https:\/\/hans-multscher-ulm.de\/index.php\/wp-json\/wp\/v2\/posts"}],"about":[{"href":"https:\/\/hans-multscher-ulm.de\/index.php\/wp-json\/wp\/v2\/types\/post"}],"author":[{"embeddable":true,"href":"https:\/\/hans-multscher-ulm.de\/index.php\/wp-json\/wp\/v2\/users\/1"}],"replies":[{"embeddable":true,"href":"https:\/\/hans-multscher-ulm.de\/index.php\/wp-json\/wp\/v2\/comments?post=92"}],"version-history":[{"count":2,"href":"https:\/\/hans-multscher-ulm.de\/index.php\/wp-json\/wp\/v2\/posts\/92\/revisions"}],"predecessor-version":[{"id":181,"href":"https:\/\/hans-multscher-ulm.de\/index.php\/wp-json\/wp\/v2\/posts\/92\/revisions\/181"}],"wp:featuredmedia":[{"embeddable":true,"href":"https:\/\/hans-multscher-ulm.de\/index.php\/wp-json\/wp\/v2\/media\/179"}],"wp:attachment":[{"href":"https:\/\/hans-multscher-ulm.de\/index.php\/wp-json\/wp\/v2\/media?parent=92"}],"wp:term":[{"taxonomy":"category","embeddable":true,"href":"https:\/\/hans-multscher-ulm.de\/index.php\/wp-json\/wp\/v2\/categories?post=92"},{"taxonomy":"post_tag","embeddable":true,"href":"https:\/\/hans-multscher-ulm.de\/index.php\/wp-json\/wp\/v2\/tags?post=92"}],"curies":[{"name":"wp","href":"https:\/\/api.w.org\/{rel}","templated":true}]}}