{"id":721,"date":"2024-04-24T13:42:56","date_gmt":"2024-04-24T11:42:56","guid":{"rendered":"https:\/\/hans-multscher-ulm.de\/?p=721"},"modified":"2024-04-25T13:32:04","modified_gmt":"2024-04-25T11:32:04","slug":"schulkunstausstellung-serie","status":"publish","type":"post","link":"https:\/\/hans-multscher-ulm.de\/index.php\/2024\/04\/24\/schulkunstausstellung-serie\/","title":{"rendered":"Schulkunstausstellung &#8222;SERIE&#8220;"},"content":{"rendered":"\n<figure class=\"wp-block-image size-large\"><img loading=\"lazy\" decoding=\"async\" width=\"768\" height=\"1024\" src=\"https:\/\/hans-multscher-ulm.de\/wp-content\/uploads\/2024\/04\/20240424_103442-768x1024.jpg\" alt=\"\" class=\"wp-image-722\" srcset=\"https:\/\/hans-multscher-ulm.de\/wp-content\/uploads\/2024\/04\/20240424_103442-768x1024.jpg 768w, https:\/\/hans-multscher-ulm.de\/wp-content\/uploads\/2024\/04\/20240424_103442-225x300.jpg 225w, https:\/\/hans-multscher-ulm.de\/wp-content\/uploads\/2024\/04\/20240424_103442-1152x1536.jpg 1152w, https:\/\/hans-multscher-ulm.de\/wp-content\/uploads\/2024\/04\/20240424_103442-1536x2048.jpg 1536w, https:\/\/hans-multscher-ulm.de\/wp-content\/uploads\/2024\/04\/20240424_103442-scaled.jpg 1920w\" sizes=\"auto, (max-width: 768px) 100vw, 768px\" \/><\/figure>\n\n\n\n<p><\/p>\n\n\n\n<p>Am vergangenen Donnerstag, 18. April, wurde im Rahmen eines bunten Programms die SCHULKUNST-Ausstellung im Landratsamt Ulm er\u00f6ffnet. Um 10.30 Uhr waren unsere Viertkl\u00e4ssler sowie Kinder aus dem Musikunterricht von Frau Gerlach und der Band-AG unter der Leitung von Herrn Freitag eingeladen, bei der Vernissage dabei zu sein. Dabei gestalteten die Kinder sogar aktiv durch musikalische Beitr\u00e4ge unserer Schule das Er\u00f6ffnungsprogramm mit.<\/p>\n\n\n\n<p><\/p>\n\n\n\n<div class=\"wp-block-columns is-layout-flex wp-container-core-columns-is-layout-9d6595d7 wp-block-columns-is-layout-flex\">\n<div class=\"wp-block-column is-layout-flow wp-block-column-is-layout-flow\" style=\"flex-basis:100%\"><div class=\"wp-block-image\">\n<figure class=\"alignright size-large is-resized\"><img loading=\"lazy\" decoding=\"async\" width=\"1024\" height=\"768\" src=\"https:\/\/hans-multscher-ulm.de\/wp-content\/uploads\/2024\/04\/7d3eca72-1a52-4a86-b453-deddd0c561b9-1024x768.jpg\" alt=\"\" class=\"wp-image-730\" style=\"width:481px;height:auto\" srcset=\"https:\/\/hans-multscher-ulm.de\/wp-content\/uploads\/2024\/04\/7d3eca72-1a52-4a86-b453-deddd0c561b9-1024x768.jpg 1024w, https:\/\/hans-multscher-ulm.de\/wp-content\/uploads\/2024\/04\/7d3eca72-1a52-4a86-b453-deddd0c561b9-300x225.jpg 300w, https:\/\/hans-multscher-ulm.de\/wp-content\/uploads\/2024\/04\/7d3eca72-1a52-4a86-b453-deddd0c561b9-768x576.jpg 768w, https:\/\/hans-multscher-ulm.de\/wp-content\/uploads\/2024\/04\/7d3eca72-1a52-4a86-b453-deddd0c561b9-1536x1152.jpg 1536w, https:\/\/hans-multscher-ulm.de\/wp-content\/uploads\/2024\/04\/7d3eca72-1a52-4a86-b453-deddd0c561b9.jpg 2048w\" sizes=\"auto, (max-width: 1024px) 100vw, 1024px\" \/><\/figure>\n<\/div>\n\n\n<figure class=\"wp-block-image size-large is-resized\"><img loading=\"lazy\" decoding=\"async\" width=\"1024\" height=\"768\" src=\"https:\/\/hans-multscher-ulm.de\/wp-content\/uploads\/2024\/04\/Spatzen-1-1024x768.jpg\" alt=\"\" class=\"wp-image-723\" style=\"width:430px;height:auto\" srcset=\"https:\/\/hans-multscher-ulm.de\/wp-content\/uploads\/2024\/04\/Spatzen-1-1024x768.jpg 1024w, https:\/\/hans-multscher-ulm.de\/wp-content\/uploads\/2024\/04\/Spatzen-1-300x225.jpg 300w, https:\/\/hans-multscher-ulm.de\/wp-content\/uploads\/2024\/04\/Spatzen-1-768x576.jpg 768w, https:\/\/hans-multscher-ulm.de\/wp-content\/uploads\/2024\/04\/Spatzen-1-1536x1152.jpg 1536w, https:\/\/hans-multscher-ulm.de\/wp-content\/uploads\/2024\/04\/Spatzen-1-2048x1536.jpg 2048w\" sizes=\"auto, (max-width: 1024px) 100vw, 1024px\" \/><\/figure>\n\n\n<div class=\"wp-block-image\">\n<figure class=\"alignleft size-large is-resized\"><img loading=\"lazy\" decoding=\"async\" width=\"768\" height=\"1024\" src=\"https:\/\/hans-multscher-ulm.de\/wp-content\/uploads\/2024\/04\/Spatzen-2-768x1024.jpg\" alt=\"\" class=\"wp-image-724\" style=\"width:427px;height:auto\" srcset=\"https:\/\/hans-multscher-ulm.de\/wp-content\/uploads\/2024\/04\/Spatzen-2-768x1024.jpg 768w, https:\/\/hans-multscher-ulm.de\/wp-content\/uploads\/2024\/04\/Spatzen-2-225x300.jpg 225w, https:\/\/hans-multscher-ulm.de\/wp-content\/uploads\/2024\/04\/Spatzen-2-1152x1536.jpg 1152w, https:\/\/hans-multscher-ulm.de\/wp-content\/uploads\/2024\/04\/Spatzen-2-1536x2048.jpg 1536w, https:\/\/hans-multscher-ulm.de\/wp-content\/uploads\/2024\/04\/Spatzen-2-scaled.jpg 1920w\" sizes=\"auto, (max-width: 768px) 100vw, 768px\" \/><\/figure>\n<\/div>\n\n<div class=\"wp-block-image\">\n<figure class=\"alignright size-large is-resized\"><img loading=\"lazy\" decoding=\"async\" width=\"768\" height=\"1024\" src=\"https:\/\/hans-multscher-ulm.de\/wp-content\/uploads\/2024\/04\/d5bdf650-4cff-4ec6-92d2-4553ba089939-768x1024.jpg\" alt=\"\" class=\"wp-image-735\" style=\"width:378px;height:auto\" srcset=\"https:\/\/hans-multscher-ulm.de\/wp-content\/uploads\/2024\/04\/d5bdf650-4cff-4ec6-92d2-4553ba089939-768x1024.jpg 768w, https:\/\/hans-multscher-ulm.de\/wp-content\/uploads\/2024\/04\/d5bdf650-4cff-4ec6-92d2-4553ba089939-225x300.jpg 225w, https:\/\/hans-multscher-ulm.de\/wp-content\/uploads\/2024\/04\/d5bdf650-4cff-4ec6-92d2-4553ba089939-1152x1536.jpg 1152w, https:\/\/hans-multscher-ulm.de\/wp-content\/uploads\/2024\/04\/d5bdf650-4cff-4ec6-92d2-4553ba089939.jpg 1536w\" sizes=\"auto, (max-width: 768px) 100vw, 768px\" \/><\/figure>\n<\/div><\/div>\n<\/div>\n\n\n\n<p><\/p>\n\n\n\n<p>Die SCHULKUNST-Ausstellung ist ab jetzt bis zum 10. Mai zu den \u00d6ffnungszeiten des Landradamts in der Schillerstra\u00dfe 30 zu besichtigen. Hier werden ebenfalls Werke unserer Kinder pr\u00e4sentiert: In Kooperation mit der Stiftung &#8222;G\u00e4nsebl\u00fcmchen&#8220; Ulm entstanden projektartig im Kunstunterricht der Viertkl\u00e4ssler &#8222;Helden-Spatzen&#8220;. Um diese zu gestalten, verwendeten die Kinder Kleisterpapier, Tempera und Collagen. Au\u00dferdem arbeiteten die Viertkl\u00e4ssler von Frau Siebein in Kooperation mit der Gustav-Werner-Schule an Trickfilmen zum Thema &#8222;Der Froschk\u00f6nig&#8220;, die ebenfalls zu sehen sind.<\/p>\n\n\n\n<p><\/p>\n\n\n\n<div class=\"wp-block-columns is-layout-flex wp-container-core-columns-is-layout-9d6595d7 wp-block-columns-is-layout-flex\">\n<div class=\"wp-block-column is-layout-flow wp-block-column-is-layout-flow\" style=\"flex-basis:100%\"><div class=\"wp-block-image\">\n<figure class=\"alignright size-large is-resized\"><img loading=\"lazy\" decoding=\"async\" width=\"768\" height=\"1024\" src=\"https:\/\/hans-multscher-ulm.de\/wp-content\/uploads\/2024\/04\/0f42afee-872e-4813-ab74-a2105b48ef44-768x1024.jpg\" alt=\"\" class=\"wp-image-733\" style=\"width:404px;height:auto\" srcset=\"https:\/\/hans-multscher-ulm.de\/wp-content\/uploads\/2024\/04\/0f42afee-872e-4813-ab74-a2105b48ef44-768x1024.jpg 768w, https:\/\/hans-multscher-ulm.de\/wp-content\/uploads\/2024\/04\/0f42afee-872e-4813-ab74-a2105b48ef44-225x300.jpg 225w, https:\/\/hans-multscher-ulm.de\/wp-content\/uploads\/2024\/04\/0f42afee-872e-4813-ab74-a2105b48ef44-1152x1536.jpg 1152w, https:\/\/hans-multscher-ulm.de\/wp-content\/uploads\/2024\/04\/0f42afee-872e-4813-ab74-a2105b48ef44.jpg 1536w\" sizes=\"auto, (max-width: 768px) 100vw, 768px\" \/><\/figure>\n<\/div>\n\n\n<figure class=\"wp-block-image size-large is-resized\"><img loading=\"lazy\" decoding=\"async\" width=\"768\" height=\"1024\" src=\"https:\/\/hans-multscher-ulm.de\/wp-content\/uploads\/2024\/04\/d0e21bcc-5240-434f-a26b-4458224b797f-768x1024.jpg\" alt=\"\" class=\"wp-image-732\" style=\"width:409px;height:auto\" srcset=\"https:\/\/hans-multscher-ulm.de\/wp-content\/uploads\/2024\/04\/d0e21bcc-5240-434f-a26b-4458224b797f-768x1024.jpg 768w, https:\/\/hans-multscher-ulm.de\/wp-content\/uploads\/2024\/04\/d0e21bcc-5240-434f-a26b-4458224b797f-225x300.jpg 225w, https:\/\/hans-multscher-ulm.de\/wp-content\/uploads\/2024\/04\/d0e21bcc-5240-434f-a26b-4458224b797f-1152x1536.jpg 1152w, https:\/\/hans-multscher-ulm.de\/wp-content\/uploads\/2024\/04\/d0e21bcc-5240-434f-a26b-4458224b797f.jpg 1536w\" sizes=\"auto, (max-width: 768px) 100vw, 768px\" \/><\/figure>\n<\/div>\n<\/div>\n\n\n\n<p><\/p>\n\n\n\n<p>Machen Sie sich gerne selbst ein Bild der k\u00fcnstlerischen Leistungen unserer Kinder!<\/p>\n\n\n\n<p><\/p>\n\n\n\n<figure class=\"wp-block-image size-full\"><img loading=\"lazy\" decoding=\"async\" width=\"1025\" height=\"516\" src=\"https:\/\/hans-multscher-ulm.de\/wp-content\/uploads\/2024\/04\/47c0559b-fde2-492c-9cb3-a57e9f904a04-1-rotated.jpg\" alt=\"\" class=\"wp-image-737\" srcset=\"https:\/\/hans-multscher-ulm.de\/wp-content\/uploads\/2024\/04\/47c0559b-fde2-492c-9cb3-a57e9f904a04-1-rotated.jpg 1025w, https:\/\/hans-multscher-ulm.de\/wp-content\/uploads\/2024\/04\/47c0559b-fde2-492c-9cb3-a57e9f904a04-1-300x151.jpg 300w, https:\/\/hans-multscher-ulm.de\/wp-content\/uploads\/2024\/04\/47c0559b-fde2-492c-9cb3-a57e9f904a04-1-768x387.jpg 768w\" sizes=\"auto, (max-width: 1025px) 100vw, 1025px\" \/><figcaption class=\"wp-element-caption\">Bericht der SWP vom 23.04.2024<\/figcaption><\/figure>\n\n\n\n<p><\/p>\n\n\n\n<figure class=\"wp-block-image size-large\"><img loading=\"lazy\" decoding=\"async\" width=\"1024\" height=\"344\" src=\"https:\/\/hans-multscher-ulm.de\/wp-content\/uploads\/2024\/04\/Spatzen-6-1024x344.jpg\" alt=\"\" class=\"wp-image-725\" srcset=\"https:\/\/hans-multscher-ulm.de\/wp-content\/uploads\/2024\/04\/Spatzen-6-1024x344.jpg 1024w, https:\/\/hans-multscher-ulm.de\/wp-content\/uploads\/2024\/04\/Spatzen-6-300x101.jpg 300w, https:\/\/hans-multscher-ulm.de\/wp-content\/uploads\/2024\/04\/Spatzen-6-768x258.jpg 768w, https:\/\/hans-multscher-ulm.de\/wp-content\/uploads\/2024\/04\/Spatzen-6-1536x517.jpg 1536w, https:\/\/hans-multscher-ulm.de\/wp-content\/uploads\/2024\/04\/Spatzen-6-2048x689.jpg 2048w\" sizes=\"auto, (max-width: 1024px) 100vw, 1024px\" \/><\/figure>\n\n\n\n<p><\/p>\n\n\n\n<figure class=\"wp-block-image size-large\"><img loading=\"lazy\" decoding=\"async\" width=\"1024\" height=\"462\" src=\"https:\/\/hans-multscher-ulm.de\/wp-content\/uploads\/2024\/04\/Spatzen-5-1024x462.jpg\" alt=\"\" class=\"wp-image-727\" srcset=\"https:\/\/hans-multscher-ulm.de\/wp-content\/uploads\/2024\/04\/Spatzen-5-1024x462.jpg 1024w, https:\/\/hans-multscher-ulm.de\/wp-content\/uploads\/2024\/04\/Spatzen-5-300x135.jpg 300w, https:\/\/hans-multscher-ulm.de\/wp-content\/uploads\/2024\/04\/Spatzen-5-768x346.jpg 768w, https:\/\/hans-multscher-ulm.de\/wp-content\/uploads\/2024\/04\/Spatzen-5-1536x692.jpg 1536w, https:\/\/hans-multscher-ulm.de\/wp-content\/uploads\/2024\/04\/Spatzen-5-2048x923.jpg 2048w\" sizes=\"auto, (max-width: 1024px) 100vw, 1024px\" \/><\/figure>\n","protected":false},"excerpt":{"rendered":"<p>Am vergangenen Donnerstag, 18. April, wurde im Rahmen eines bunten Programms die SCHULKUNST-Ausstellung im Landratsamt Ulm er\u00f6ffnet. Um 10.30 Uhr waren unsere Viertkl\u00e4ssler sowie Kinder aus dem Musikunterricht von Frau Gerlach und der Band-AG&#46;&#46;&#46;<\/p>\n","protected":false},"author":3,"featured_media":726,"comment_status":"open","ping_status":"closed","sticky":false,"template":"","format":"standard","meta":{"footnotes":""},"categories":[10],"tags":[],"class_list":["post-721","post","type-post","status-publish","format-standard","has-post-thumbnail","hentry","category-neuigkeiten"],"_links":{"self":[{"href":"https:\/\/hans-multscher-ulm.de\/index.php\/wp-json\/wp\/v2\/posts\/721","targetHints":{"allow":["GET"]}}],"collection":[{"href":"https:\/\/hans-multscher-ulm.de\/index.php\/wp-json\/wp\/v2\/posts"}],"about":[{"href":"https:\/\/hans-multscher-ulm.de\/index.php\/wp-json\/wp\/v2\/types\/post"}],"author":[{"embeddable":true,"href":"https:\/\/hans-multscher-ulm.de\/index.php\/wp-json\/wp\/v2\/users\/3"}],"replies":[{"embeddable":true,"href":"https:\/\/hans-multscher-ulm.de\/index.php\/wp-json\/wp\/v2\/comments?post=721"}],"version-history":[{"count":4,"href":"https:\/\/hans-multscher-ulm.de\/index.php\/wp-json\/wp\/v2\/posts\/721\/revisions"}],"predecessor-version":[{"id":739,"href":"https:\/\/hans-multscher-ulm.de\/index.php\/wp-json\/wp\/v2\/posts\/721\/revisions\/739"}],"wp:featuredmedia":[{"embeddable":true,"href":"https:\/\/hans-multscher-ulm.de\/index.php\/wp-json\/wp\/v2\/media\/726"}],"wp:attachment":[{"href":"https:\/\/hans-multscher-ulm.de\/index.php\/wp-json\/wp\/v2\/media?parent=721"}],"wp:term":[{"taxonomy":"category","embeddable":true,"href":"https:\/\/hans-multscher-ulm.de\/index.php\/wp-json\/wp\/v2\/categories?post=721"},{"taxonomy":"post_tag","embeddable":true,"href":"https:\/\/hans-multscher-ulm.de\/index.php\/wp-json\/wp\/v2\/tags?post=721"}],"curies":[{"name":"wp","href":"https:\/\/api.w.org\/{rel}","templated":true}]}}