{"id":610,"date":"2023-09-25T14:43:01","date_gmt":"2023-09-25T12:43:01","guid":{"rendered":"https:\/\/hans-multscher-ulm.de\/?p=610"},"modified":"2023-12-18T13:19:03","modified_gmt":"2023-12-18T12:19:03","slug":"information-der-schulleitung","status":"publish","type":"post","link":"https:\/\/hans-multscher-ulm.de\/index.php\/2023\/09\/25\/information-der-schulleitung\/","title":{"rendered":"Information der Schulleitung"},"content":{"rendered":"<div class=\"wp-block-image\">\n<figure class=\"aligncenter size-full\"><img loading=\"lazy\" decoding=\"async\" width=\"254\" height=\"254\" src=\"https:\/\/hans-multscher-ulm.de\/wp-content\/uploads\/2023\/09\/HMS-3.png\" alt=\"\" class=\"wp-image-611\" srcset=\"https:\/\/hans-multscher-ulm.de\/wp-content\/uploads\/2023\/09\/HMS-3.png 254w, https:\/\/hans-multscher-ulm.de\/wp-content\/uploads\/2023\/09\/HMS-3-150x150.png 150w, https:\/\/hans-multscher-ulm.de\/wp-content\/uploads\/2023\/09\/HMS-3-80x80.png 80w\" sizes=\"auto, (max-width: 254px) 100vw, 254px\" \/><\/figure>\n<\/div>\n\n\n<p>Liebe Eltern und Erziehungsberechtige,<\/p>\n\n\n\n<p>ich hoffe, Sie alle sind gemeinsam mit Ihren Kindern gut ins neue Schuljahr gestartet. Meist sind die ersten Schultage eine Umstellung und ein Wiedereinfinden in den Alltag, in den Ablauf.<\/p>\n\n\n\n<p>Manchmal gelingt dieser Start gut, aber manchmal beginnt es etwas holperig und ist mit unvorhersehbaren \u00c4nderungen verbunden.<\/p>\n\n\n\n<p>Dieses Schuljahr hat f\u00fcr uns als Kollegium der Hans-Multscherschule leider nicht ganz normal begonnen, da Frau Sp\u00e4th l\u00e4ngerfristig ausf\u00e4llt.<\/p>\n\n\n\n<p>Somit haben wir intern einige \u00c4nderungen vornehmen m\u00fcssen, die mache Klassen, als auch Stundenpl\u00e4ne betreffen bzw. betrafen.<\/p>\n\n\n\n<p>Auch f\u00fcr mich und das Kollegium bedeutet dies eine Umstellung.<\/p>\n\n\n\n<p>Ich werde bis auf Weiteres kommissarisch die Schule leiten. Allerdings in einem zeitlich k\u00fcrzeren Umfang.<\/p>\n\n\n\n<p>Einige, Ihnen schon bekannte Kolleg*innen, unterst\u00fctzen mich in meiner Arbeit im Rektorat, sodass der gewohnte Schulalltag so gut wie m\u00f6glich in gewohnter Weise ablaufen kann und alles was wichtig ist erledigt wird.<\/p>\n\n\n\n<p>Herr Wolff ist neu an unserer Schule und wird mich ebenfalls im Rektorat unterst\u00fctzen.<\/p>\n\n\n\n<p>Bitte haben Sie Verst\u00e4ndnis, dass vielleicht nicht alles reibungslos abl\u00e4uft. Ich versichere Ihnen aber, dass das gesamte Team der Hans-Multscherschule sein Bestes geben wird, damit es Ihren Kindern gut geht.<\/p>\n\n\n\n<p>Mit freundlichen Gr\u00fc\u00dfen<\/p>\n\n\n\n<p>Sabine Kr\u00f6ner<\/p>\n\n\n\n<p>(kommissarische Schulleitung)<\/p>\n","protected":false},"excerpt":{"rendered":"<p>Liebe Eltern und Erziehungsberechtige, ich hoffe, Sie alle sind gemeinsam mit Ihren Kindern gut ins neue Schuljahr gestartet. Meist sind die ersten Schultage eine Umstellung und ein Wiedereinfinden in den Alltag, in den Ablauf.&#46;&#46;&#46;<\/p>\n","protected":false},"author":3,"featured_media":595,"comment_status":"open","ping_status":"closed","sticky":false,"template":"","format":"standard","meta":{"footnotes":""},"categories":[9],"tags":[],"class_list":["post-610","post","type-post","status-publish","format-standard","has-post-thumbnail","hentry","category-eltern"],"_links":{"self":[{"href":"https:\/\/hans-multscher-ulm.de\/index.php\/wp-json\/wp\/v2\/posts\/610","targetHints":{"allow":["GET"]}}],"collection":[{"href":"https:\/\/hans-multscher-ulm.de\/index.php\/wp-json\/wp\/v2\/posts"}],"about":[{"href":"https:\/\/hans-multscher-ulm.de\/index.php\/wp-json\/wp\/v2\/types\/post"}],"author":[{"embeddable":true,"href":"https:\/\/hans-multscher-ulm.de\/index.php\/wp-json\/wp\/v2\/users\/3"}],"replies":[{"embeddable":true,"href":"https:\/\/hans-multscher-ulm.de\/index.php\/wp-json\/wp\/v2\/comments?post=610"}],"version-history":[{"count":1,"href":"https:\/\/hans-multscher-ulm.de\/index.php\/wp-json\/wp\/v2\/posts\/610\/revisions"}],"predecessor-version":[{"id":614,"href":"https:\/\/hans-multscher-ulm.de\/index.php\/wp-json\/wp\/v2\/posts\/610\/revisions\/614"}],"wp:featuredmedia":[{"embeddable":true,"href":"https:\/\/hans-multscher-ulm.de\/index.php\/wp-json\/wp\/v2\/media\/595"}],"wp:attachment":[{"href":"https:\/\/hans-multscher-ulm.de\/index.php\/wp-json\/wp\/v2\/media?parent=610"}],"wp:term":[{"taxonomy":"category","embeddable":true,"href":"https:\/\/hans-multscher-ulm.de\/index.php\/wp-json\/wp\/v2\/categories?post=610"},{"taxonomy":"post_tag","embeddable":true,"href":"https:\/\/hans-multscher-ulm.de\/index.php\/wp-json\/wp\/v2\/tags?post=610"}],"curies":[{"name":"wp","href":"https:\/\/api.w.org\/{rel}","templated":true}]}}