{"id":500,"date":"2023-06-28T16:29:37","date_gmt":"2023-06-28T14:29:37","guid":{"rendered":"https:\/\/relaunch.hms.ulm.schule\/?p=500"},"modified":"2023-06-28T16:30:54","modified_gmt":"2023-06-28T14:30:54","slug":"anmeldung-der-neuen-erstklaessler-im-schuljahr-2023-2024","status":"publish","type":"post","link":"https:\/\/hans-multscher-ulm.de\/index.php\/2023\/06\/28\/anmeldung-der-neuen-erstklaessler-im-schuljahr-2023-2024\/","title":{"rendered":"Anmeldung der neuen Erstkl\u00e4ssler im Schuljahr 2023\/2024"},"content":{"rendered":"\n<p>Damit wir den Schulanfang besser planen k\u00f6nnen, bitten wir Sie, f\u00fcr die <strong>Neuanmeldung von Erstkl\u00e4sslern und Erstkl\u00e4sslerinnen<\/strong>, wenn m\u00f6glich schon vor den Sommerferien einen Termin auszumachen.<\/p>\n\n\n\n<p>Zus\u00e4tzlich k\u00f6nnen Sie auch vom 12. bis 16. September vormittags von 10:00 Uhr bis 11.30 Uhr vorbeikommen, um Ihr Kind anzumelden.<\/p>\n\n\n\n<p>Wenn Sie Ihr neues Erstkl\u00e4sslerkind bis einschlie\u00dflich 15.07.2023 zum Mittagessen anmelden, kann das Kind bereits ab Schuljahresbeginn am Essen in der Mensa teilnehmen. Ansonsten beginnt die Mensa f\u00fcr die neuen Erstkl\u00e4sser und Erstkl\u00e4sslerinnen am 01.10.2023.<\/p>\n\n\n\n<div class=\"wp-block-columns is-layout-flex wp-container-core-columns-is-layout-9d6595d7 wp-block-columns-is-layout-flex\">\n<div class=\"wp-block-column is-layout-flow wp-block-column-is-layout-flow\" style=\"flex-basis:100%\"><div class=\"wp-block-image\">\n<figure class=\"alignright size-large is-resized\"><img loading=\"lazy\" decoding=\"async\" src=\"https:\/\/hans-multscher-ulm.de\/wp-content\/uploads\/2023\/06\/Logo-AWO-1024x408.jpg\" alt=\"\" class=\"wp-image-468\" width=\"624\" height=\"249\" srcset=\"https:\/\/hans-multscher-ulm.de\/wp-content\/uploads\/2023\/06\/Logo-AWO-1024x408.jpg 1024w, https:\/\/hans-multscher-ulm.de\/wp-content\/uploads\/2023\/06\/Logo-AWO-300x120.jpg 300w, https:\/\/hans-multscher-ulm.de\/wp-content\/uploads\/2023\/06\/Logo-AWO-768x306.jpg 768w, https:\/\/hans-multscher-ulm.de\/wp-content\/uploads\/2023\/06\/Logo-AWO.jpg 1379w\" sizes=\"auto, (max-width: 624px) 100vw, 624px\" \/><\/figure>\n<\/div>\n\n\n<figure class=\"wp-block-image size-full\"><img loading=\"lazy\" decoding=\"async\" width=\"185\" height=\"184\" src=\"https:\/\/hans-multscher-ulm.de\/wp-content\/uploads\/2023\/06\/Logo-Stadt-Ulm.jpg\" alt=\"\" class=\"wp-image-467\" srcset=\"https:\/\/hans-multscher-ulm.de\/wp-content\/uploads\/2023\/06\/Logo-Stadt-Ulm.jpg 185w, https:\/\/hans-multscher-ulm.de\/wp-content\/uploads\/2023\/06\/Logo-Stadt-Ulm-150x150.jpg 150w, https:\/\/hans-multscher-ulm.de\/wp-content\/uploads\/2023\/06\/Logo-Stadt-Ulm-80x80.jpg 80w\" sizes=\"auto, (max-width: 185px) 100vw, 185px\" \/><\/figure>\n<\/div>\n<\/div>\n\n\n\n<div class=\"wp-block-columns is-layout-flex wp-container-core-columns-is-layout-9d6595d7 wp-block-columns-is-layout-flex\">\n<div class=\"wp-block-column is-layout-flow wp-block-column-is-layout-flow\" style=\"flex-basis:100%\"><\/div>\n<\/div>\n","protected":false},"excerpt":{"rendered":"<p>Damit wir den Schulanfang besser planen k\u00f6nnen, bitten wir Sie, f\u00fcr die Neuanmeldung von Erstkl\u00e4sslern und Erstkl\u00e4sslerinnen, wenn m\u00f6glich schon vor den Sommerferien einen Termin auszumachen. Zus\u00e4tzlich k\u00f6nnen Sie auch vom 12. bis 16.&#46;&#46;&#46;<\/p>\n","protected":false},"author":3,"featured_media":445,"comment_status":"open","ping_status":"closed","sticky":false,"template":"","format":"standard","meta":{"footnotes":""},"categories":[18,1],"tags":[],"class_list":["post-500","post","type-post","status-publish","format-standard","has-post-thumbnail","hentry","category-aktuelles","category-uncategorized"],"_links":{"self":[{"href":"https:\/\/hans-multscher-ulm.de\/index.php\/wp-json\/wp\/v2\/posts\/500","targetHints":{"allow":["GET"]}}],"collection":[{"href":"https:\/\/hans-multscher-ulm.de\/index.php\/wp-json\/wp\/v2\/posts"}],"about":[{"href":"https:\/\/hans-multscher-ulm.de\/index.php\/wp-json\/wp\/v2\/types\/post"}],"author":[{"embeddable":true,"href":"https:\/\/hans-multscher-ulm.de\/index.php\/wp-json\/wp\/v2\/users\/3"}],"replies":[{"embeddable":true,"href":"https:\/\/hans-multscher-ulm.de\/index.php\/wp-json\/wp\/v2\/comments?post=500"}],"version-history":[{"count":1,"href":"https:\/\/hans-multscher-ulm.de\/index.php\/wp-json\/wp\/v2\/posts\/500\/revisions"}],"predecessor-version":[{"id":501,"href":"https:\/\/hans-multscher-ulm.de\/index.php\/wp-json\/wp\/v2\/posts\/500\/revisions\/501"}],"wp:featuredmedia":[{"embeddable":true,"href":"https:\/\/hans-multscher-ulm.de\/index.php\/wp-json\/wp\/v2\/media\/445"}],"wp:attachment":[{"href":"https:\/\/hans-multscher-ulm.de\/index.php\/wp-json\/wp\/v2\/media?parent=500"}],"wp:term":[{"taxonomy":"category","embeddable":true,"href":"https:\/\/hans-multscher-ulm.de\/index.php\/wp-json\/wp\/v2\/categories?post=500"},{"taxonomy":"post_tag","embeddable":true,"href":"https:\/\/hans-multscher-ulm.de\/index.php\/wp-json\/wp\/v2\/tags?post=500"}],"curies":[{"name":"wp","href":"https:\/\/api.w.org\/{rel}","templated":true}]}}