{"id":1157,"date":"2025-12-02T14:18:11","date_gmt":"2025-12-02T13:18:11","guid":{"rendered":"https:\/\/hans-multscher-ulm.de\/?p=1157"},"modified":"2025-12-08T14:19:52","modified_gmt":"2025-12-08T13:19:52","slug":"adventscafe","status":"publish","type":"post","link":"https:\/\/hans-multscher-ulm.de\/index.php\/2025\/12\/02\/adventscafe\/","title":{"rendered":"Adventscaf\u00e9"},"content":{"rendered":"\n<p>Liebe Eltern, liebe Gro\u00dfeltern, liebe Sch\u00fclerinnen und Sch\u00fcler,<br>die Adventszeit naht und mit ihr eine wunderbare Gelegenheit, gemeinsam innezuhalten und die Vorweihnachtszeit zu genie\u00dfen.<br>Wir laden Sie herzlich ein zum Adventscaf\u00e9 unserer Schule.<\/p>\n\n\n\n<ul class=\"wp-block-list\">\n<li>Donnerstag, 18.12.2025<\/li>\n\n\n\n<li>16.00 Uhr bis 18.00 Uhr<\/li>\n\n\n\n<li>Aula und in den R\u00e4umen 1, 2, 20 und 21 der Hans-Multscher-Grundschule<\/li>\n<\/ul>\n\n\n\n<p>Wir planen ein abwechslungsreiches Programm mit Liedern, Gedichten, sowie Musikbeitr\u00e4gen. Die Beitr\u00e4ge sollen die Vorfreude auf das Weihnachtsfest widerspiegeln und die vielf\u00e4ltigen Talente unserer Kinder und Lehrkr\u00e4fte sichtbar machen. Im Schulhaus k\u00f6nnen Sie die kreative Weihnachtsdekoration der Kinder bestaunen. Im gem\u00fctlichen Rahmen laden wir zu besinnlichen Stunden im Untergeschoss ein. Bei warmen Getr\u00e4nken und festlichen Pl\u00e4tzchen und Kuchen kommen wir miteinander ins Gespr\u00e4ch und genie\u00dfen gemeinsam die Adventsstimmung.<br>Bitte bringen Sie daf\u00fcr Becher, Tassen und Teller selbst mit.<br>Wir freuen uns sehr, dass der Elternbeirat f\u00fcr das leibliche Wohl sorgt. Vielen Dank f\u00fcr diesen Einsatz und die Unterst\u00fctzung.<br>Jeder ist Willkommen.<br>Herzliche Gr\u00fc\u00dfe das Schulteam<\/p>\n\n\n\n<p><\/p>\n\n\n\n<figure class=\"wp-block-image size-full\"><img loading=\"lazy\" decoding=\"async\" width=\"480\" height=\"640\" src=\"https:\/\/hans-multscher-ulm.de\/wp-content\/uploads\/2025\/12\/IMG_3887.jpeg\" alt=\"\" class=\"wp-image-1158\" srcset=\"https:\/\/hans-multscher-ulm.de\/wp-content\/uploads\/2025\/12\/IMG_3887.jpeg 480w, https:\/\/hans-multscher-ulm.de\/wp-content\/uploads\/2025\/12\/IMG_3887-225x300.jpeg 225w\" sizes=\"auto, (max-width: 480px) 100vw, 480px\" \/><\/figure>\n","protected":false},"excerpt":{"rendered":"<p>Liebe Eltern, liebe Gro\u00dfeltern, liebe Sch\u00fclerinnen und Sch\u00fcler,die Adventszeit naht und mit ihr eine wunderbare Gelegenheit, gemeinsam innezuhalten und die Vorweihnachtszeit zu genie\u00dfen.Wir laden Sie herzlich ein zum Adventscaf\u00e9 unserer Schule. Wir planen ein&#46;&#46;&#46;<\/p>\n","protected":false},"author":3,"featured_media":1158,"comment_status":"open","ping_status":"closed","sticky":false,"template":"","format":"standard","meta":{"footnotes":""},"categories":[9,10],"tags":[],"class_list":["post-1157","post","type-post","status-publish","format-standard","has-post-thumbnail","hentry","category-eltern","category-neuigkeiten"],"_links":{"self":[{"href":"https:\/\/hans-multscher-ulm.de\/index.php\/wp-json\/wp\/v2\/posts\/1157","targetHints":{"allow":["GET"]}}],"collection":[{"href":"https:\/\/hans-multscher-ulm.de\/index.php\/wp-json\/wp\/v2\/posts"}],"about":[{"href":"https:\/\/hans-multscher-ulm.de\/index.php\/wp-json\/wp\/v2\/types\/post"}],"author":[{"embeddable":true,"href":"https:\/\/hans-multscher-ulm.de\/index.php\/wp-json\/wp\/v2\/users\/3"}],"replies":[{"embeddable":true,"href":"https:\/\/hans-multscher-ulm.de\/index.php\/wp-json\/wp\/v2\/comments?post=1157"}],"version-history":[{"count":1,"href":"https:\/\/hans-multscher-ulm.de\/index.php\/wp-json\/wp\/v2\/posts\/1157\/revisions"}],"predecessor-version":[{"id":1159,"href":"https:\/\/hans-multscher-ulm.de\/index.php\/wp-json\/wp\/v2\/posts\/1157\/revisions\/1159"}],"wp:featuredmedia":[{"embeddable":true,"href":"https:\/\/hans-multscher-ulm.de\/index.php\/wp-json\/wp\/v2\/media\/1158"}],"wp:attachment":[{"href":"https:\/\/hans-multscher-ulm.de\/index.php\/wp-json\/wp\/v2\/media?parent=1157"}],"wp:term":[{"taxonomy":"category","embeddable":true,"href":"https:\/\/hans-multscher-ulm.de\/index.php\/wp-json\/wp\/v2\/categories?post=1157"},{"taxonomy":"post_tag","embeddable":true,"href":"https:\/\/hans-multscher-ulm.de\/index.php\/wp-json\/wp\/v2\/tags?post=1157"}],"curies":[{"name":"wp","href":"https:\/\/api.w.org\/{rel}","templated":true}]}}