{"id":1151,"date":"2025-12-08T14:16:35","date_gmt":"2025-12-08T13:16:35","guid":{"rendered":"https:\/\/hans-multscher-ulm.de\/?p=1151"},"modified":"2025-12-09T14:13:57","modified_gmt":"2025-12-09T13:13:57","slug":"ho-ho-ho","status":"publish","type":"post","link":"https:\/\/hans-multscher-ulm.de\/index.php\/2025\/12\/08\/ho-ho-ho\/","title":{"rendered":"Ho ho ho&#8230;"},"content":{"rendered":"\n<figure class=\"wp-block-image size-large\"><img loading=\"lazy\" decoding=\"async\" width=\"1024\" height=\"768\" src=\"https:\/\/hans-multscher-ulm.de\/wp-content\/uploads\/2025\/12\/bc17c90f-a779-49af-aed6-b73e238a2479-1024x768.jpg\" alt=\"\" class=\"wp-image-1153\" srcset=\"https:\/\/hans-multscher-ulm.de\/wp-content\/uploads\/2025\/12\/bc17c90f-a779-49af-aed6-b73e238a2479-1024x768.jpg 1024w, https:\/\/hans-multscher-ulm.de\/wp-content\/uploads\/2025\/12\/bc17c90f-a779-49af-aed6-b73e238a2479-300x225.jpg 300w, https:\/\/hans-multscher-ulm.de\/wp-content\/uploads\/2025\/12\/bc17c90f-a779-49af-aed6-b73e238a2479-768x576.jpg 768w, https:\/\/hans-multscher-ulm.de\/wp-content\/uploads\/2025\/12\/bc17c90f-a779-49af-aed6-b73e238a2479-1536x1152.jpg 1536w, https:\/\/hans-multscher-ulm.de\/wp-content\/uploads\/2025\/12\/bc17c90f-a779-49af-aed6-b73e238a2479.jpg 1600w\" sizes=\"auto, (max-width: 1024px) 100vw, 1024px\" \/><\/figure>\n\n\n\n<p><\/p>\n\n\n\n<p>Da wird doch nicht etwa&#8230;.? Was h\u00f6ren wir denn da&#8230;? Auf einmal \u00f6ffnet sich die T\u00fcre der Hans Multscher Grundschule und dort steht doch tats\u00e4chlich: der Nikolaus! Gerade hat die Adventsbesinnung am Montagmorgen begonnen &#8211; der HaMusikus l\u00e4sst es fr\u00f6hlich schneien in seinen Liedern &#8211; da taucht die gro\u00dfe und beeindruckende Gestalt des Nikolaus auf, h\u00f6rt sich den Chor an und spricht zu den Kindern. Nat\u00fcrlich hat der HaMusikus mit dem Lied &#8222;Applaus f\u00fcr den Nikolaus&#8220; das richtige Lied im Repertoire, das direkt im Anschluss gesungen wird.<\/p>\n\n\n\n<p><\/p>\n\n\n\n<figure class=\"wp-block-image size-large\"><img loading=\"lazy\" decoding=\"async\" width=\"768\" height=\"1024\" src=\"https:\/\/hans-multscher-ulm.de\/wp-content\/uploads\/2025\/12\/IMG_0085-768x1024.jpeg\" alt=\"\" class=\"wp-image-1160\" srcset=\"https:\/\/hans-multscher-ulm.de\/wp-content\/uploads\/2025\/12\/IMG_0085-768x1024.jpeg 768w, https:\/\/hans-multscher-ulm.de\/wp-content\/uploads\/2025\/12\/IMG_0085-225x300.jpeg 225w, https:\/\/hans-multscher-ulm.de\/wp-content\/uploads\/2025\/12\/IMG_0085-1152x1536.jpeg 1152w, https:\/\/hans-multscher-ulm.de\/wp-content\/uploads\/2025\/12\/IMG_0085-1536x2048.jpeg 1536w, https:\/\/hans-multscher-ulm.de\/wp-content\/uploads\/2025\/12\/IMG_0085-scaled.jpeg 1920w\" sizes=\"auto, (max-width: 768px) 100vw, 768px\" \/><\/figure>\n\n\n\n<p><\/p>\n\n\n\n<p>Doch nicht nur vor allen Kindern hat der Nikolaus ein paar Worte bereit. Im Anschluss an die adventliche Einstimmung zieht er von Klassenzimmer zu Klassenzimmer, wei\u00df einiges \u00fcber die Kinder, was ihm zugetragen wurde, zu berichten, l\u00e4sst sich Geschichten, Gedichte oder Lieder vortragen und schaut dann, was in seinem Sack f\u00fcr die Kinder zu finden ist.<\/p>\n\n\n\n<p><\/p>\n\n\n\n<figure class=\"wp-block-image size-large\"><img loading=\"lazy\" decoding=\"async\" width=\"1024\" height=\"768\" src=\"https:\/\/hans-multscher-ulm.de\/wp-content\/uploads\/2025\/12\/bf3f9165-4042-46d1-a82d-06ad5c67e25c-1024x768.jpg\" alt=\"\" class=\"wp-image-1154\" srcset=\"https:\/\/hans-multscher-ulm.de\/wp-content\/uploads\/2025\/12\/bf3f9165-4042-46d1-a82d-06ad5c67e25c-1024x768.jpg 1024w, https:\/\/hans-multscher-ulm.de\/wp-content\/uploads\/2025\/12\/bf3f9165-4042-46d1-a82d-06ad5c67e25c-300x225.jpg 300w, https:\/\/hans-multscher-ulm.de\/wp-content\/uploads\/2025\/12\/bf3f9165-4042-46d1-a82d-06ad5c67e25c-768x576.jpg 768w, https:\/\/hans-multscher-ulm.de\/wp-content\/uploads\/2025\/12\/bf3f9165-4042-46d1-a82d-06ad5c67e25c-1536x1152.jpg 1536w, https:\/\/hans-multscher-ulm.de\/wp-content\/uploads\/2025\/12\/bf3f9165-4042-46d1-a82d-06ad5c67e25c.jpg 1600w\" sizes=\"auto, (max-width: 1024px) 100vw, 1024px\" \/><\/figure>\n\n\n\n<p><\/p>\n\n\n\n<p>Wir freuen uns, wenn der Nikolaus n\u00e4chstes Jahr wieder zu uns an die Schule kommt und sagen: <strong>DANKE, LIEBER NIKOLAUS!<\/strong><\/p>\n\n\n\n<p><\/p>\n\n\n\n<figure class=\"wp-block-image size-large\"><img loading=\"lazy\" decoding=\"async\" width=\"1024\" height=\"768\" src=\"https:\/\/hans-multscher-ulm.de\/wp-content\/uploads\/2025\/12\/e0ca722c-53a2-4ad0-834b-3ea3ad5f2ecf-1024x768.jpg\" alt=\"\" class=\"wp-image-1155\" srcset=\"https:\/\/hans-multscher-ulm.de\/wp-content\/uploads\/2025\/12\/e0ca722c-53a2-4ad0-834b-3ea3ad5f2ecf-1024x768.jpg 1024w, https:\/\/hans-multscher-ulm.de\/wp-content\/uploads\/2025\/12\/e0ca722c-53a2-4ad0-834b-3ea3ad5f2ecf-300x225.jpg 300w, https:\/\/hans-multscher-ulm.de\/wp-content\/uploads\/2025\/12\/e0ca722c-53a2-4ad0-834b-3ea3ad5f2ecf-768x576.jpg 768w, https:\/\/hans-multscher-ulm.de\/wp-content\/uploads\/2025\/12\/e0ca722c-53a2-4ad0-834b-3ea3ad5f2ecf-1536x1152.jpg 1536w, https:\/\/hans-multscher-ulm.de\/wp-content\/uploads\/2025\/12\/e0ca722c-53a2-4ad0-834b-3ea3ad5f2ecf.jpg 1600w\" sizes=\"auto, (max-width: 1024px) 100vw, 1024px\" \/><\/figure>\n\n\n\n<p><\/p>\n\n\n\n<figure class=\"wp-block-image size-large\"><img loading=\"lazy\" decoding=\"async\" width=\"768\" height=\"1024\" src=\"https:\/\/hans-multscher-ulm.de\/wp-content\/uploads\/2025\/12\/IMG_0090-768x1024.jpeg\" alt=\"\" class=\"wp-image-1161\" srcset=\"https:\/\/hans-multscher-ulm.de\/wp-content\/uploads\/2025\/12\/IMG_0090-768x1024.jpeg 768w, https:\/\/hans-multscher-ulm.de\/wp-content\/uploads\/2025\/12\/IMG_0090-225x300.jpeg 225w, https:\/\/hans-multscher-ulm.de\/wp-content\/uploads\/2025\/12\/IMG_0090-1152x1536.jpeg 1152w, https:\/\/hans-multscher-ulm.de\/wp-content\/uploads\/2025\/12\/IMG_0090-1536x2048.jpeg 1536w, https:\/\/hans-multscher-ulm.de\/wp-content\/uploads\/2025\/12\/IMG_0090-scaled.jpeg 1920w\" sizes=\"auto, (max-width: 768px) 100vw, 768px\" \/><\/figure>\n","protected":false},"excerpt":{"rendered":"<p>Da wird doch nicht etwa&#8230;.? Was h\u00f6ren wir denn da&#8230;? Auf einmal \u00f6ffnet sich die T\u00fcre der Hans Multscher Grundschule und dort steht doch tats\u00e4chlich: der Nikolaus! Gerade hat die Adventsbesinnung am Montagmorgen begonnen&#46;&#46;&#46;<\/p>\n","protected":false},"author":3,"featured_media":1152,"comment_status":"open","ping_status":"closed","sticky":false,"template":"","format":"standard","meta":{"footnotes":""},"categories":[10],"tags":[],"class_list":["post-1151","post","type-post","status-publish","format-standard","has-post-thumbnail","hentry","category-neuigkeiten"],"_links":{"self":[{"href":"https:\/\/hans-multscher-ulm.de\/index.php\/wp-json\/wp\/v2\/posts\/1151","targetHints":{"allow":["GET"]}}],"collection":[{"href":"https:\/\/hans-multscher-ulm.de\/index.php\/wp-json\/wp\/v2\/posts"}],"about":[{"href":"https:\/\/hans-multscher-ulm.de\/index.php\/wp-json\/wp\/v2\/types\/post"}],"author":[{"embeddable":true,"href":"https:\/\/hans-multscher-ulm.de\/index.php\/wp-json\/wp\/v2\/users\/3"}],"replies":[{"embeddable":true,"href":"https:\/\/hans-multscher-ulm.de\/index.php\/wp-json\/wp\/v2\/comments?post=1151"}],"version-history":[{"count":2,"href":"https:\/\/hans-multscher-ulm.de\/index.php\/wp-json\/wp\/v2\/posts\/1151\/revisions"}],"predecessor-version":[{"id":1163,"href":"https:\/\/hans-multscher-ulm.de\/index.php\/wp-json\/wp\/v2\/posts\/1151\/revisions\/1163"}],"wp:featuredmedia":[{"embeddable":true,"href":"https:\/\/hans-multscher-ulm.de\/index.php\/wp-json\/wp\/v2\/media\/1152"}],"wp:attachment":[{"href":"https:\/\/hans-multscher-ulm.de\/index.php\/wp-json\/wp\/v2\/media?parent=1151"}],"wp:term":[{"taxonomy":"category","embeddable":true,"href":"https:\/\/hans-multscher-ulm.de\/index.php\/wp-json\/wp\/v2\/categories?post=1151"},{"taxonomy":"post_tag","embeddable":true,"href":"https:\/\/hans-multscher-ulm.de\/index.php\/wp-json\/wp\/v2\/tags?post=1151"}],"curies":[{"name":"wp","href":"https:\/\/api.w.org\/{rel}","templated":true}]}}