{"id":1069,"date":"2025-06-05T12:55:50","date_gmt":"2025-06-05T10:55:50","guid":{"rendered":"https:\/\/hans-multscher-ulm.de\/?p=1069"},"modified":"2025-06-21T13:14:15","modified_gmt":"2025-06-21T11:14:15","slug":"lese-und-kaenguruwettbewerb","status":"publish","type":"post","link":"https:\/\/hans-multscher-ulm.de\/index.php\/2025\/06\/05\/lese-und-kaenguruwettbewerb\/","title":{"rendered":"Lese- und K\u00e4nguruwettbewerb"},"content":{"rendered":"\n<p>Am dritten Donnerstag im M\u00e4rz findet traditionell der \u201eK\u00e4nguru der Mathematik\u201c-Wettbewerb statt. Dies ist ein weltweit ausgetragener Wettbewerb f\u00fcr Kinder ab der 3. Klasse, der die Begeisterung f\u00fcr Mathematik wecken soll.<\/p>\n\n\n\n<p>In diesem Jahr nahmen auch wieder Sch\u00fclerinnen und Sch\u00fcler der Hans-Multscherschule teil. 21 Kinder, welche daf\u00fcr von ihren Mathematiklehrkr\u00e4ften nominiert wurden, fanden sich am 20. M\u00e4rz 2025 in der Aula ein. Etwas aufgeregt, aber hoch motiviert nahmen sie die Aufgabenzettel entgegen und machten sich an deren L\u00f6sung. Einige Kinder waren sichtlich \u00fcberrascht \u00fcber die Art der Aufgaben: Kam es hier doch nicht nur auf schnelles und sicheres Rechnen an, sondern vielmehr auf vielf\u00e4ltige Probleml\u00f6sef\u00e4higkeiten, r\u00e4umliches Vorstellungsverm\u00f6gen, visuelle Wahrnehmung, Kombinationsf\u00e4higkeit und vieles mehr. Spa\u00df hat es allen gemacht und die Hans-Multscherschule ist stolz verk\u00fcnden zu d\u00fcrfen: Eine unserer Sch\u00fclerinnen darf sich nicht nur \u00fcber ein T-Shirt f\u00fcr den weitesten K\u00e4nguru-Sprung (die meisten richtig gel\u00f6sten Aufgaben am St\u00fcck) freuen, sondern hat einen 1. Preis erreicht und gewinnt ein tolles Experimentierset! Herzlichen Gl\u00fcckwunsch!<\/p>\n\n\n\n<p><\/p>\n\n\n\n<figure class=\"wp-block-image size-large\"><img loading=\"lazy\" decoding=\"async\" width=\"768\" height=\"1024\" src=\"https:\/\/hans-multscher-ulm.de\/wp-content\/uploads\/2025\/06\/20250606_114902-768x1024.jpg\" alt=\"\" class=\"wp-image-1071\" srcset=\"https:\/\/hans-multscher-ulm.de\/wp-content\/uploads\/2025\/06\/20250606_114902-768x1024.jpg 768w, https:\/\/hans-multscher-ulm.de\/wp-content\/uploads\/2025\/06\/20250606_114902-225x300.jpg 225w, https:\/\/hans-multscher-ulm.de\/wp-content\/uploads\/2025\/06\/20250606_114902-1152x1536.jpg 1152w, https:\/\/hans-multscher-ulm.de\/wp-content\/uploads\/2025\/06\/20250606_114902-1536x2048.jpg 1536w, https:\/\/hans-multscher-ulm.de\/wp-content\/uploads\/2025\/06\/20250606_114902-scaled.jpg 1920w\" sizes=\"auto, (max-width: 768px) 100vw, 768px\" \/><\/figure>\n\n\n\n<p><\/p>\n\n\n\n<p>Alle Teilnehmenden erhalten eine Urkunde, eine Brosch\u00fcre mit Knobelaufgaben, sowie ein kleines Knobelspiel. Und eines steht fest: N\u00e4chstes Jahr schickt die Hans-Multscherschule wieder ein Team an den Start und dann hei\u00dft es wieder: Wer macht den weitesten K\u00e4nguru-Sprung?<\/p>\n\n\n\n<p><\/p>\n\n\n\n<figure class=\"wp-block-image size-large\"><img loading=\"lazy\" decoding=\"async\" width=\"1024\" height=\"768\" src=\"https:\/\/hans-multscher-ulm.de\/wp-content\/uploads\/2025\/06\/20250606_114700-1024x768.jpg\" alt=\"\" class=\"wp-image-1072\" srcset=\"https:\/\/hans-multscher-ulm.de\/wp-content\/uploads\/2025\/06\/20250606_114700-1024x768.jpg 1024w, https:\/\/hans-multscher-ulm.de\/wp-content\/uploads\/2025\/06\/20250606_114700-300x225.jpg 300w, https:\/\/hans-multscher-ulm.de\/wp-content\/uploads\/2025\/06\/20250606_114700-768x576.jpg 768w, https:\/\/hans-multscher-ulm.de\/wp-content\/uploads\/2025\/06\/20250606_114700-1536x1152.jpg 1536w, https:\/\/hans-multscher-ulm.de\/wp-content\/uploads\/2025\/06\/20250606_114700-2048x1536.jpg 2048w\" sizes=\"auto, (max-width: 1024px) 100vw, 1024px\" \/><\/figure>\n\n\n\n<p><\/p>\n\n\n\n<p>Au\u00dferdem fand am 5. Juni unser hausinterner Lesewettbewerb der Klassen 2, 3 und 4 statt. Pro Klasse wurde ein Vertreter oder eine Vertreterin ausgew\u00e4hlt, die einen vorbereiteten Text f\u00fcr einige Minuten vorlesen durfte. Im Anschluss gab es f\u00fcr alle Konkurrenten den gleichen unge\u00fcbten Text zum Vorlesen. Gewonnen hat am Ende, wer in der Aussprache, dem Lesetempo, der Betonung und der Genauigkeit \u00fcberzeugen konnte. <\/p>\n\n\n\n<p>Folgenden Gewinnern gratulieren wir herzlich:<\/p>\n\n\n\n<p>Klassenstufe 2: Kurt aus der 2b<\/p>\n\n\n\n<p>Klassenstufe 3: Amal aus der 3a<\/p>\n\n\n\n<p>Klassenstufe 4: Mattis aus der 4b<\/p>\n\n\n\n<p><\/p>\n\n\n\n<figure class=\"wp-block-image size-large\"><img loading=\"lazy\" decoding=\"async\" width=\"1024\" height=\"702\" src=\"https:\/\/hans-multscher-ulm.de\/wp-content\/uploads\/2025\/06\/20250606_115017-1024x702.jpg\" alt=\"\" class=\"wp-image-1073\" srcset=\"https:\/\/hans-multscher-ulm.de\/wp-content\/uploads\/2025\/06\/20250606_115017-1024x702.jpg 1024w, https:\/\/hans-multscher-ulm.de\/wp-content\/uploads\/2025\/06\/20250606_115017-300x206.jpg 300w, https:\/\/hans-multscher-ulm.de\/wp-content\/uploads\/2025\/06\/20250606_115017-768x526.jpg 768w, https:\/\/hans-multscher-ulm.de\/wp-content\/uploads\/2025\/06\/20250606_115017-1536x1053.jpg 1536w, https:\/\/hans-multscher-ulm.de\/wp-content\/uploads\/2025\/06\/20250606_115017-2048x1404.jpg 2048w\" sizes=\"auto, (max-width: 1024px) 100vw, 1024px\" \/><\/figure>\n","protected":false},"excerpt":{"rendered":"<p>Am dritten Donnerstag im M\u00e4rz findet traditionell der \u201eK\u00e4nguru der Mathematik\u201c-Wettbewerb statt. Dies ist ein weltweit ausgetragener Wettbewerb f\u00fcr Kinder ab der 3. Klasse, der die Begeisterung f\u00fcr Mathematik wecken soll. In diesem Jahr&#46;&#46;&#46;<\/p>\n","protected":false},"author":3,"featured_media":1070,"comment_status":"open","ping_status":"closed","sticky":false,"template":"","format":"standard","meta":{"footnotes":""},"categories":[10],"tags":[],"class_list":["post-1069","post","type-post","status-publish","format-standard","has-post-thumbnail","hentry","category-neuigkeiten"],"_links":{"self":[{"href":"https:\/\/hans-multscher-ulm.de\/index.php\/wp-json\/wp\/v2\/posts\/1069","targetHints":{"allow":["GET"]}}],"collection":[{"href":"https:\/\/hans-multscher-ulm.de\/index.php\/wp-json\/wp\/v2\/posts"}],"about":[{"href":"https:\/\/hans-multscher-ulm.de\/index.php\/wp-json\/wp\/v2\/types\/post"}],"author":[{"embeddable":true,"href":"https:\/\/hans-multscher-ulm.de\/index.php\/wp-json\/wp\/v2\/users\/3"}],"replies":[{"embeddable":true,"href":"https:\/\/hans-multscher-ulm.de\/index.php\/wp-json\/wp\/v2\/comments?post=1069"}],"version-history":[{"count":1,"href":"https:\/\/hans-multscher-ulm.de\/index.php\/wp-json\/wp\/v2\/posts\/1069\/revisions"}],"predecessor-version":[{"id":1074,"href":"https:\/\/hans-multscher-ulm.de\/index.php\/wp-json\/wp\/v2\/posts\/1069\/revisions\/1074"}],"wp:featuredmedia":[{"embeddable":true,"href":"https:\/\/hans-multscher-ulm.de\/index.php\/wp-json\/wp\/v2\/media\/1070"}],"wp:attachment":[{"href":"https:\/\/hans-multscher-ulm.de\/index.php\/wp-json\/wp\/v2\/media?parent=1069"}],"wp:term":[{"taxonomy":"category","embeddable":true,"href":"https:\/\/hans-multscher-ulm.de\/index.php\/wp-json\/wp\/v2\/categories?post=1069"},{"taxonomy":"post_tag","embeddable":true,"href":"https:\/\/hans-multscher-ulm.de\/index.php\/wp-json\/wp\/v2\/tags?post=1069"}],"curies":[{"name":"wp","href":"https:\/\/api.w.org\/{rel}","templated":true}]}}